{"id":9640,"date":"2021-08-26T18:07:00","date_gmt":"2021-08-26T16:07:00","guid":{"rendered":"https:\/\/franchise.raisonhome.com\/les-dernieres-actualites\/"},"modified":"2024-07-04T15:36:31","modified_gmt":"2024-07-04T13:36:31","slug":"celine-dubois-sixieme-franchisee-a-rejoindre-le-reseau-de-raison-home-en-belgique","status":"publish","type":"post","link":"https:\/\/franchise.raisonhome.com\/fr-be\/actualites-raison-home\/actualites\/celine-dubois-sixieme-franchisee-a-rejoindre-le-reseau-de-raison-home-en-belgique\/","title":{"rendered":"C\u00e9line Dubois : sixi\u00e8me franchis\u00e9e \u00e0 rejoindre le r\u00e9seau de Raison Home en Belgique"},"content":{"rendered":"\n<p>D\u00e9cid\u00e9ment, Raison Home, sp\u00e9cialis\u00e9 dans la vente de cuisines \u00e9quip\u00e9es et d\u2019am\u00e9nagements d\u2019int\u00e9rieur\u00a0exclusivement \u00e0 domicile, continue sa croissance en Belgique avec d\u00e9j\u00e0 4 signatures de nouveaux franchis\u00e9s en 2021.<\/p>\n\n\n\n<h3 class=\"wp-block-heading\">C\u00e9line, en quelques mots, quel est ton profil ?<\/h3>\n\n\n\n<p>Je suis architecte d\u2019int\u00e9rieur de formation, j\u2019ai d\u2019abord travaill\u00e9 dans un bureau d\u2019architecture d\u2019int\u00e9rieur avant de rejoindre un magasin Schmidt pour y vendre des cuisines \u00e9quip\u00e9es, des dressings et des salles de bain. Parall\u00e8lement, j\u2019ai continu\u00e9 mon activit\u00e9 d\u2019architecte d\u2019int\u00e9rieur et de d\u00e9coratrice en conseillant mes clients en mati\u00e8re de couleurs, de d\u00e9coration ou de mobilier.<\/p>\n\n\n\n<h3 class=\"wp-block-heading\">Comment es-tu rentr\u00e9e en contact avec Raison Home et comment se sont pass\u00e9es les discussions ?<\/h3>\n\n\n\n<p>D\u2019abord, j\u2019ai fait le constat qu\u2019apr\u00e8s 6 ans en tant qu\u2019employ\u00e9e dans un showroom, j\u2019avais envie de voler de mes propres ailes et de ne plus travailler que chez mes clients comme j\u2019avais d\u00e9j\u00e0 l\u2019habitude de le faire dans le cadre de mes activit\u00e9s d\u2019architecte d\u2019int\u00e9rieur. J\u2019\u00e9tais fatigu\u00e9e d\u2019attendre le client en showroom. J\u2019ai rapidement conclu que je n\u2019avais pas envie de lancer mon entreprise toute seule. J\u2019ai donc cherch\u00e9 du c\u00f4t\u00e9 du monde de la franchise et j\u2019ai naturellement \u00e9t\u00e9 attir\u00e9e par la proposition de Raison Home puisque c\u2019\u00e9tait la seule \u00e0 proposer une exp\u00e9rience diff\u00e9rente, chez le client et plus en showroom. Ensuite, tout s\u2019est pass\u00e9 assez facilement. J\u2019ai \u00e9t\u00e9 agr\u00e9ablement frapp\u00e9e par la clart\u00e9 des informations transmises par la franchise Raison Home et la transparence. Il n\u2019y a jamais eu de sujet tabou ou de r\u00e9ponse approximative.<\/p>\n\n\n\n<h3 class=\"wp-block-heading\">Qu\u2019est-ce qui t\u2019a finalement d\u00e9cid\u00e9 \u00e0 signer ton contrat de franchise ?<\/h3>\n\n\n\n<p>Je suis passionn\u00e9e d\u2019architecture d\u2019int\u00e9rieur et de d\u00e9coration. J\u2019adore passer tout le temps n\u00e9cessaire avec mes clients pour les conna\u00eetre et imaginer avec eux l\u2019int\u00e9rieur dans lequel ils vivront en parfaite harmonie. Il \u00e9tait donc \u00e9vident pour moi que je voulais cr\u00e9er mon entreprise dans ce domaine. Et l\u2019\u00e9l\u00e9ment cl\u00e9 qui m\u2019a convaincue de me lancer avec Raison Home, c\u2019est que plus je d\u00e9couvrais tous les d\u00e9tails du concept Raison Home, plus je trouvais exactement le style de relation que je veux entretenir avec mes clients. Ce fut donc assez vite une \u00e9vidence puisqu\u2019en plus toutes les informations que j\u2019ai re\u00e7ues concernant les modes de fonctionnement et les conditions financi\u00e8res m\u2019ont paru logiques, raisonnables et m\u00eame motivantes.<\/p>\n\n\n\n<h3 class=\"wp-block-heading\">Comme d\u00e9crirais-tu ce style de relation avec le client ?<\/h3>\n\n\n\n<p>Cela se passe dans l\u2019intimit\u00e9 de l\u2019habitat du client et pas dans un showroom impersonnel. Il est \u00e9vident que, outre d\u2019avoir tout sous les yeux, je vais pouvoir cr\u00e9er une relation de proximit\u00e9, m\u2019int\u00e9resser aux personnes et pas seulement \u00e0 leur projet. J\u2019adore le principe de la co-conception en partant d\u2019une feuille blanche et pas d\u2019un mod\u00e8le du showroom. C\u2019est \u00e7a le vrai sur mesure. Et enfin, m\u2019occuper du projet de a \u00e0 z, y compris de sa coordination avec les autres prestataires pour les travaux annexes, me permettra de garantir un travail de qualit\u00e9 \u00e0 mes clients, ce qui les am\u00e8nera tr\u00e8s probablement \u00e0 me recommander et \u00e0 revenir vers moi pour d\u2019autres projets.<\/p>\n\n\n\n<h3 class=\"wp-block-heading\">Te lancer dans la vente \u00e0 domicile alors que tous les autres acteurs proposent de travailler en showroom, n\u2019est-ce pas un peu risqu\u00e9 ?<\/h3>\n\n\n\n<p>Je ne crois pas. Le consommateur aime toujours avoir le choix entre des exp\u00e9riences diff\u00e9rentes. Je suis certaine qu\u2019il y a une tranche de consommateurs qui pr\u00e9f\u00e8rent que le Home Designer vienne chez eux plut\u00f4t qu\u2019eux d\u2019aller en showroom, qui cherchent une m\u00e9thode de collaboration tr\u00e8s personnalis\u00e9e et un service beaucoup plus complet pour les rassurer sur la bonne fin de projet. D\u2019ailleurs, ce n\u2019est plus \u00e0 d\u00e9montrer : la croissance exponentielle de Raison Home prouve que ces consommateurs existent et appr\u00e9cient notre proposition.<\/p>\n\n\n\n<h3 class=\"wp-block-heading\">Comment commence le lancement de ta franchise ?<\/h3>\n\n\n\n<p>J\u2019ai \u00e9t\u00e9 parfaitement guid\u00e9e par la franchise dans toutes\u00a0les d\u00e9marches\u00a0\u00e0 entreprendre pour cr\u00e9er mon entreprise et \u00eatre pr\u00eate \u00e0 lancer mon activit\u00e9 et maintenant, je suis\u00a0en formation. Je suis exp\u00e9riment\u00e9e et ai acquis mes mani\u00e8res de faire. C\u2019est tr\u00e8s int\u00e9ressant de voir qu\u2019il y a d\u2019autres m\u00e9thodes, de les apprendre et de les mettre en application au cours des dizaines de jeux de r\u00f4les que mes formateurs me proposent. Je n\u2019ai plus qu\u2019une seule attente : mettre tout cela en pratique avec mes premiers clients. Et pour les attirer, j\u2019ai appris \u00e9norm\u00e9ment de choses pour activer ma prospection et ma communication digitale. Je sens que je ne suis pas pr\u00e8s d\u2019arr\u00eater d\u2019apprendre et c\u2019est tr\u00e8s motivant et excitant.<\/p>\n\n\n\n<figure class=\"wp-block-image size-large\"><img loading=\"lazy\" decoding=\"async\" width=\"1024\" height=\"768\" src=\"https:\/\/franchise.raisonhome.com\/app\/uploads\/2024\/06\/photo-fin-de-formation-celine-1024x768.jpeg\" alt=\"Photo de Celine et Pierre en fin de formation\" class=\"wp-image-9645\" srcset=\"https:\/\/franchise.raisonhome.com\/app\/uploads\/2024\/06\/photo-fin-de-formation-celine-1024x768.jpeg 1024w, https:\/\/franchise.raisonhome.com\/app\/uploads\/2024\/06\/photo-fin-de-formation-celine-300x225.jpeg 300w, https:\/\/franchise.raisonhome.com\/app\/uploads\/2024\/06\/photo-fin-de-formation-celine-768x576.jpeg 768w, https:\/\/franchise.raisonhome.com\/app\/uploads\/2024\/06\/photo-fin-de-formation-celine-1536x1152.jpeg 1536w, https:\/\/franchise.raisonhome.com\/app\/uploads\/2024\/06\/photo-fin-de-formation-celine-2048x1536.jpeg 2048w\" sizes=\"auto, (max-width: 1024px) 100vw, 1024px\" \/><\/figure>\n","protected":false},"excerpt":{"rendered":"<p>D\u00e9cid\u00e9ment, Raison Home, sp\u00e9cialis\u00e9 dans la vente de cuisines \u00e9quip\u00e9es et d\u2019am\u00e9nagements d\u2019int\u00e9rieur\u00a0exclusivement \u00e0 domicile, continue sa croissance en Belgique avec d\u00e9j\u00e0 4 signatures de nouveaux franchis\u00e9s en 2021. C\u00e9line, en quelques mots, quel est ton profil ? Je suis architecte d\u2019int\u00e9rieur de formation, j\u2019ai d\u2019abord travaill\u00e9 dans un bureau d\u2019architecture d\u2019int\u00e9rieur avant de rejoindre [&hellip;]<\/p>\n","protected":false},"author":1,"featured_media":9641,"comment_status":"open","ping_status":"open","sticky":false,"template":"","format":"standard","meta":{"_acf_changed":false,"footnotes":""},"categories":[22],"tags":[],"class_list":["post-9640","post","type-post","status-publish","format-standard","has-post-thumbnail","hentry","category-actualites"],"acf":[],"_links":{"self":[{"href":"https:\/\/franchise.raisonhome.com\/fr-be\/wp-json\/wp\/v2\/posts\/9640","targetHints":{"allow":["GET"]}}],"collection":[{"href":"https:\/\/franchise.raisonhome.com\/fr-be\/wp-json\/wp\/v2\/posts"}],"about":[{"href":"https:\/\/franchise.raisonhome.com\/fr-be\/wp-json\/wp\/v2\/types\/post"}],"author":[{"embeddable":true,"href":"https:\/\/franchise.raisonhome.com\/fr-be\/wp-json\/wp\/v2\/users\/1"}],"replies":[{"embeddable":true,"href":"https:\/\/franchise.raisonhome.com\/fr-be\/wp-json\/wp\/v2\/comments?post=9640"}],"version-history":[{"count":1,"href":"https:\/\/franchise.raisonhome.com\/fr-be\/wp-json\/wp\/v2\/posts\/9640\/revisions"}],"predecessor-version":[{"id":9649,"href":"https:\/\/franchise.raisonhome.com\/fr-be\/wp-json\/wp\/v2\/posts\/9640\/revisions\/9649"}],"wp:featuredmedia":[{"embeddable":true,"href":"https:\/\/franchise.raisonhome.com\/fr-be\/wp-json\/wp\/v2\/media\/9641"}],"wp:attachment":[{"href":"https:\/\/franchise.raisonhome.com\/fr-be\/wp-json\/wp\/v2\/media?parent=9640"}],"wp:term":[{"taxonomy":"category","embeddable":true,"href":"https:\/\/franchise.raisonhome.com\/fr-be\/wp-json\/wp\/v2\/categories?post=9640"},{"taxonomy":"post_tag","embeddable":true,"href":"https:\/\/franchise.raisonhome.com\/fr-be\/wp-json\/wp\/v2\/tags?post=9640"}],"curies":[{"name":"wp","href":"https:\/\/api.w.org\/{rel}","templated":true}]}}