{"id":9522,"date":"2023-03-09T16:15:00","date_gmt":"2023-03-09T15:15:00","guid":{"rendered":"https:\/\/franchise.raisonhome.com\/les-dernieres-actualites\/"},"modified":"2024-06-06T16:16:53","modified_gmt":"2024-06-06T14:16:53","slug":"raison-home-vous-invite-a-franchise-expo-paris-2023","status":"publish","type":"post","link":"https:\/\/franchise.raisonhome.com\/fr-be\/actualites-raison-home\/actualites\/raison-home-vous-invite-a-franchise-expo-paris-2023\/","title":{"rendered":"Raison Home Belgium vous donne rendez-vous au salon Franchise Expo Paris 2023"},"content":{"rendered":"\n<h2 class=\"wp-block-heading\">Franchise Expo Paris 2023, un rendez vous \u00e0 ne pas manquer<\/h2>\n\n\n\n<p>Comme chaque ann\u00e9e, les \u00e9quipes de Raison Home France et Belgique seront pr\u00e9sentes \u00e0 l\u2019\u00e9v\u00e9nement incontournable de l\u2019entrepreneuriat en franchise du 19 au 22 Mars au Parc Expo de la porte de Versailles (Hall 1 \u2013 Stand M82) pour pr\u00e9senter notre\u00a0concept unique\u00a0et innovant de Home Design 100% \u00e0 domicile aupr\u00e8s des candidats \u00e0 la franchise.<\/p>\n\n\n\n<p>Plusieurs Home Designers franchis\u00e9s du r\u00e9seau viendront \u00e9galement sur notre stand tout au long du salon afin de partager leurs quotidien de Home Designer.<\/p>\n\n\n\n<p>Raison Home aura \u00e9galement le plaisir d\u2019animer une conf\u00e9rence \u201c<strong>Une franchise sans local commercial, \u00e7a existe !<\/strong>\u201d le lundi 20 Mars de 14h45 \u00e0 15h30.<\/p>\n\n\n\n<h2 class=\"wp-block-heading\">Franchise Expo Paris c\u2019est&nbsp; :<\/h2>\n\n\n\n<ul class=\"wp-block-list\">\n<li>30 000 candidats \u00e0 la franchise<\/li>\n\n\n\n<li>400 enseignes exposantes<\/li>\n<\/ul>\n\n\n\n<p>Ne manquez pas cette belle occasion de rencontrer physiquement les collaborateurs et les franchis\u00e9s du r\u00e9seau !<\/p>\n\n\n\n<p>Vous pouvez en apprendre plus sur l\u2019\u00e9v\u00e9nement en faisant un tour sur le site du salon\u00a0<a href=\"https:\/\/www.franchiseparis.com\/fr\" target=\"_blank\" rel=\"noreferrer noopener nofollow\">Franchise Expo Paris<\/a>.<\/p>\n","protected":false},"excerpt":{"rendered":"<p>Franchise Expo Paris 2023, un rendez vous \u00e0 ne pas manquer Comme chaque ann\u00e9e, les \u00e9quipes de Raison Home France et Belgique seront pr\u00e9sentes \u00e0 l\u2019\u00e9v\u00e9nement incontournable de l\u2019entrepreneuriat en franchise du 19 au 22 Mars au Parc Expo de la porte de Versailles (Hall 1 \u2013 Stand M82) pour pr\u00e9senter notre\u00a0concept unique\u00a0et innovant de [&hellip;]<\/p>\n","protected":false},"author":1,"featured_media":9523,"comment_status":"open","ping_status":"open","sticky":false,"template":"","format":"standard","meta":{"_acf_changed":false,"footnotes":""},"categories":[22],"tags":[],"class_list":["post-9522","post","type-post","status-publish","format-standard","has-post-thumbnail","hentry","category-actualites"],"acf":[],"_links":{"self":[{"href":"https:\/\/franchise.raisonhome.com\/fr-be\/wp-json\/wp\/v2\/posts\/9522","targetHints":{"allow":["GET"]}}],"collection":[{"href":"https:\/\/franchise.raisonhome.com\/fr-be\/wp-json\/wp\/v2\/posts"}],"about":[{"href":"https:\/\/franchise.raisonhome.com\/fr-be\/wp-json\/wp\/v2\/types\/post"}],"author":[{"embeddable":true,"href":"https:\/\/franchise.raisonhome.com\/fr-be\/wp-json\/wp\/v2\/users\/1"}],"replies":[{"embeddable":true,"href":"https:\/\/franchise.raisonhome.com\/fr-be\/wp-json\/wp\/v2\/comments?post=9522"}],"version-history":[{"count":1,"href":"https:\/\/franchise.raisonhome.com\/fr-be\/wp-json\/wp\/v2\/posts\/9522\/revisions"}],"predecessor-version":[{"id":9527,"href":"https:\/\/franchise.raisonhome.com\/fr-be\/wp-json\/wp\/v2\/posts\/9522\/revisions\/9527"}],"wp:featuredmedia":[{"embeddable":true,"href":"https:\/\/franchise.raisonhome.com\/fr-be\/wp-json\/wp\/v2\/media\/9523"}],"wp:attachment":[{"href":"https:\/\/franchise.raisonhome.com\/fr-be\/wp-json\/wp\/v2\/media?parent=9522"}],"wp:term":[{"taxonomy":"category","embeddable":true,"href":"https:\/\/franchise.raisonhome.com\/fr-be\/wp-json\/wp\/v2\/categories?post=9522"},{"taxonomy":"post_tag","embeddable":true,"href":"https:\/\/franchise.raisonhome.com\/fr-be\/wp-json\/wp\/v2\/tags?post=9522"}],"curies":[{"name":"wp","href":"https:\/\/api.w.org\/{rel}","templated":true}]}}